{"id":25950,"date":"2026-03-16T11:32:07","date_gmt":"2026-03-16T11:32:07","guid":{"rendered":"https:\/\/wildcatcampers.eu\/?p=25950"},"modified":"2026-04-05T11:56:29","modified_gmt":"2026-04-05T10:56:29","slug":"a-new-wildcat-enters-the-belgian-camping-scene","status":"publish","type":"post","link":"https:\/\/wildcatcampers.eu\/lv\/a-new-wildcat-enters-the-belgian-camping-scene\/","title":{"rendered":"Be\u013c\u0123ijas kempinga ain\u0101 ien\u0101k jauns Wildcat"},"content":{"rendered":"<p>Be\u013c\u0123ija tikko k\u013cuva nedaudz piedz\u012bvojumiem bag\u0101t\u0101ka.<\/p>\n\n\n\n<p>Jauna mini karav\u0101na ar nosaukumu Wildcat ir ofici\u0101li ien\u0101kusi Be\u013c\u0123ijas tirg\u016b, izmantojot<\/p>\n\n\n\n<p>sadarb\u012bba ar \u0101ra aktivit\u0101\u0161u un karav\u0101nu uz\u0146\u0113mumu <a href=\"https:\/\/www.droplife.be\" type=\"link\" id=\"https:\/\/www.droplife.be\">Droplife<\/a>. Kompakt\u0101 piekabe nodro\u0161ina<\/p>\n\n\n\n<p>jauna iesp\u0113ja ce\u013cot\u0101jiem, kuri v\u0113las kempera br\u012bv\u012bbu bez izm\u0113ra un<\/p>\n\n\n\n<p>tradicion\u0101lo karav\u0101nu sare\u017e\u0123\u012bt\u012bba.<\/p>\n\n\n\n<p>Wildcat p\u0101rst\u0101v jaunu pieeju vieglajiem ce\u013cojumiem. T\u0101 rad\u012bt\u0101ji to raksturo k\u0101<\/p>\n\n\n\n<p>\u201cPerfect Nomad\u201d piekabe \u2014 kompakts ce\u013cabiedrs, kas rad\u012bts, lai sekotu l\u012bdzi jebkur, kurp ce\u013c\u0161 ved.<\/p>\n\n\n\n<p>un viegli piel\u0101gojas da\u017e\u0101diem ce\u013co\u0161anas stiliem un piedz\u012bvojumiem. \u0160aj\u0101 idej\u0101 pati piekabe<\/p>\n\n\n\n<p>k\u013c\u016bst par Perfektu Nomadu, gatavu p\u0101rvietoties, izp\u0113t\u012bt un apmesties jebkur ce\u013cojuma laik\u0101<\/p>\n\n\n\n<p>pa\u0146em savu \u012bpa\u0161nieku.<\/p>\n\n\n\n<p>Pietiekami mazs, lai to var\u0113tu vilkt kop\u0101 ar liel\u0101ko da\u013cu automa\u0161\u012bnu, tom\u0113r piln\u012bb\u0101 apr\u012bkots \u0113rtiem braucieniem pa ce\u013cu<\/p>\n\n\n\n<p>m\u0113r\u0137auditorija ir arvien pieaugo\u0161a kemperu auditorija, kas dod priek\u0161roku vieglam, elast\u012bgam un uz pieredzi orient\u0113tam apr\u012bkojumam<\/p>\n\n\n\n<p>ce\u013cot.<\/p>\n\n\n\n<figure class=\"wp-block-image size-large\"><img fetchpriority=\"high\" decoding=\"async\" width=\"1024\" height=\"768\" src=\"https:\/\/wildcatcampers.eu\/wp-content\/uploads\/2026\/03\/1d301fa0-a1be-4a78-b1a3-9080186b15e7-1024x768.jpg\" alt=\"\" class=\"wp-image-25951\" srcset=\"https:\/\/wildcatcampers.eu\/wp-content\/uploads\/2026\/03\/1d301fa0-a1be-4a78-b1a3-9080186b15e7-1024x768.jpg 1024w, https:\/\/wildcatcampers.eu\/wp-content\/uploads\/2026\/03\/1d301fa0-a1be-4a78-b1a3-9080186b15e7-300x225.jpg 300w, https:\/\/wildcatcampers.eu\/wp-content\/uploads\/2026\/03\/1d301fa0-a1be-4a78-b1a3-9080186b15e7-768x576.jpg 768w, https:\/\/wildcatcampers.eu\/wp-content\/uploads\/2026\/03\/1d301fa0-a1be-4a78-b1a3-9080186b15e7-1536x1152.jpg 1536w, https:\/\/wildcatcampers.eu\/wp-content\/uploads\/2026\/03\/1d301fa0-a1be-4a78-b1a3-9080186b15e7-16x12.jpg 16w, https:\/\/wildcatcampers.eu\/wp-content\/uploads\/2026\/03\/1d301fa0-a1be-4a78-b1a3-9080186b15e7-600x450.jpg 600w, https:\/\/wildcatcampers.eu\/wp-content\/uploads\/2026\/03\/1d301fa0-a1be-4a78-b1a3-9080186b15e7.jpg 1600w\" sizes=\"(max-width: 1024px) 100vw, 1024px\" \/><\/figure>\n\n\n\n<p><strong>Maza piekabe, liela br\u012bv\u012bba<\/strong><\/p>\n\n\n\n<p>Wildcat filozofija koncentr\u0113jas uz to, kas patiesi padara ce\u013co\u0161anu pat\u012bkamu. Ideja ir \u0161\u0101da:<\/p>\n\n\n\n<p>vienk\u0101r\u0161i: saglab\u0101jiet b\u016btisko un no\u0146emiet visu, kas sare\u017e\u0123\u012b.<\/p>\n\n\n\n<p>Kompakta, aerodinamiska un viegli vad\u0101ma piekabe var tikt vilkt pat autovad\u012bt\u0101ji, kuri<\/p>\n\n\n\n<p>parasti izvair\u012btos no karav\u0101nas vilk\u0161anas. Novieto\u0161ana, manevr\u0113\u0161ana un uzglab\u0101\u0161ana k\u013c\u016bst arvien svar\u012bg\u0101ka<\/p>\n\n\n\n<p>iev\u0113rojami vienk\u0101r\u0161\u0101ka sal\u012bdzin\u0101jum\u0101 ar tradicion\u0101laj\u0101m \u201cbaltaj\u0101m karav\u0101n\u0101m\u201d.<\/p>\n\n\n\n<p>Neskatoties uz kompakto izm\u0113ru no \u0101rpuses, Wildcat iek\u0161pus\u0113 izskat\u0101s p\u0101rsteidzo\u0161i ietilp\u012bgs un pied\u0101v\u0101<\/p>\n\n\n\n<p>Viss nepiecie\u0161amais minim\u0101listiskai kempinga iek\u0101rto\u0161anai:<\/p>\n\n\n\n<p>\u2022 \u0113rta gu\u013camkab\u012bne diviem<\/p>\n\n\n\n<p>\u2022 viedi uzglab\u0101\u0161anas risin\u0101jumi<\/p>\n\n\n\n<p>\u2022 praktiska \u0101ra virtuve aizmugur\u0113<\/p>\n\n\n\n<p>\u2022 siltin\u0101tas sienas ar atbilsto\u0161u ventil\u0101cijas un apkures sist\u0113mu k\u0101 piem\u0113rotu opciju<\/p>\n\n\n\n<p>vair\u0101ku sezonu ce\u013cojumi<\/p>\n\n\n\n<figure class=\"wp-block-gallery has-nested-images columns-default is-cropped wp-block-gallery-1 is-layout-flex wp-block-gallery-is-layout-flex\">\n<figure class=\"wp-block-image size-large\"><img decoding=\"async\" width=\"768\" height=\"1024\" data-id=\"25952\" src=\"https:\/\/wildcatcampers.eu\/wp-content\/uploads\/2026\/03\/PHOTO-2026-03-06-12-46-24-2-768x1024.jpg\" alt=\"\" class=\"wp-image-25952\" srcset=\"https:\/\/wildcatcampers.eu\/wp-content\/uploads\/2026\/03\/PHOTO-2026-03-06-12-46-24-2-768x1024.jpg 768w, https:\/\/wildcatcampers.eu\/wp-content\/uploads\/2026\/03\/PHOTO-2026-03-06-12-46-24-2-225x300.jpg 225w, https:\/\/wildcatcampers.eu\/wp-content\/uploads\/2026\/03\/PHOTO-2026-03-06-12-46-24-2-1152x1536.jpg 1152w, https:\/\/wildcatcampers.eu\/wp-content\/uploads\/2026\/03\/PHOTO-2026-03-06-12-46-24-2-9x12.jpg 9w, https:\/\/wildcatcampers.eu\/wp-content\/uploads\/2026\/03\/PHOTO-2026-03-06-12-46-24-2-600x800.jpg 600w, https:\/\/wildcatcampers.eu\/wp-content\/uploads\/2026\/03\/PHOTO-2026-03-06-12-46-24-2.jpg 1200w\" sizes=\"(max-width: 768px) 100vw, 768px\" \/><\/figure>\n<\/figure>\n\n\n\n<p>Rezult\u0101t\u0101 ir ce\u013cabiedrs, kas atrodas kaut kur starp telti un pilnv\u0113rt\u012bgu karav\u0101nu.,<\/p>\n\n\n\n<p>apvienojot ce\u013co\u0161anas br\u012bv\u012bbu br\u012bv\u0101 dab\u0101 ar stabila salona komfortu. Ir viens<\/p>\n\n\n\n<p>b\u016btiska iez\u012bme, ar ko Wildcat izce\u013cas: t\u0101 jumta konstrukcija nekad netek, t\u0101d\u0113j\u0101di nov\u0113r\u0161ot<\/p>\n\n\n\n<p>viena no visbie\u017e\u0101k sastopamaj\u0101m probl\u0113m\u0101m kemping\u0101.<\/p>\n\n\n\n<p><strong>Be\u013c\u0123ijas pieaugo\u0161\u0101 interese par kompaktiem kempingiem<\/strong><\/p>\n\n\n\n<p>Kompakti kempinga form\u0101ti turpina ieg\u016bt popularit\u0101ti vis\u0101 Eirop\u0101. Ce\u013cot\u0101ji<\/p>\n\n\n\n<p>arvien vair\u0101k mekl\u0113 viegl\u0101kas un elast\u012bg\u0101kas alternat\u012bvas lieliem dz\u012bvojamajiem piekab\u0113m un<\/p>\n\n\n\n<p>kemperi. Mini karav\u0101nas lieliski atbilst \u0161ai pras\u012bbai. T\u0101s ir viegl\u0101k vilkt, ekonomisk\u0101kas<\/p>\n\n\n\n<p>darboties un prasa daudz maz\u0101k vietas glab\u0101\u0161anai.<\/p>\n\n\n\n<p><a href=\"https:\/\/www.droplife.be\" type=\"link\" id=\"https:\/\/www.droplife.be\">Be\u013c\u0123ija<\/a> ir k\u013cuvis par vienu no Eiropas tirgiem, kur\u0101 ir interese par kompaktajiem piedz\u012bvojumu automobi\u013ciem<\/p>\n\n\n\n<p>piekabju tirgus aug \u012bpa\u0161i strauji, kas to padar\u012bja par dabisku vietu Wildcat<\/p>\n\n\n\n<p>palai\u0161ana.<\/p>\n\n\n\n<p><strong>Partner\u012bba ar <a href=\"https:\/\/www.droplife.be\" type=\"link\" id=\"https:\/\/www.droplife.be\">Droplife<\/a><\/strong><\/p>\n\n\n\n<p>Be\u013c\u0123ijas atkl\u0101\u0161ana notiek sadarb\u012bb\u0101 ar <a href=\"https:\/\/www.droplife.be\">Droplife<\/a>, uz\u0146\u0113mums, kas paz\u012bstams ar<\/p>\n\n\n\n<p>iepaz\u012bstin\u0101t Eiropas kempinga dal\u012bbniekus ar inovat\u012bviem t\u016brisma produktiem br\u012bv\u0101 dab\u0101.<\/p>\n\n\n\n<p>Wildcat tagad ir pieejams Droplife izst\u0101\u017eu z\u0101l\u0113 Gent\u0101, kur apmekl\u0113t\u0101ji var apskat\u012bt<\/p>\n\n\n\n<p>kl\u0101tien\u0113 un atkl\u0101jiet, cik daudz funkcionalit\u0101tes var ietilpt tik kompakt\u0101<\/p>\n\n\n\n<p>form\u0101ts.<\/p>\n\n\n\n<p>K\u0101 apgalvo uz\u0146\u0113mumi, kas ir sadarb\u012bbas dal\u012bbnieki, m\u0113r\u0137is ir vienk\u0101r\u0161s: rad\u012bt<\/p>\n\n\n\n<p>viegli piedz\u012bvojumu ce\u013cojumi, kas ir pieejam\u0101ki, vienlaikus ievie\u0161ot jaunas paaudzes<\/p>\n\n\n\n<p>ce\u013cot\u0101ji pie Perfekt\u0101 Nomadu dz\u012bvesveida idejas.<\/p>\n\n\n\n<p><strong>Mini karav\u0101nu uzplaukums<\/strong><\/p>\n\n\n\n<p>Wildcat iera\u0161an\u0101s atspogu\u013co pla\u0161\u0101kas p\u0101rmai\u0146as cilv\u0113ku ce\u013co\u0161anas paradumos. Daudzi m\u016bsdienu...<\/p>\n\n\n\n<p>kemperi dod priek\u0161roku viegl\u0101kiem un elast\u012bg\u0101kiem risin\u0101jumiem, kas atbalsta spont\u0101nus ce\u013cojumus ar automa\u0161\u012bnu un<\/p>\n\n\n\n<p>\u0101ra izp\u0113te.<\/p>\n\n\n\n<p>Kompakt\u0101s piekabes, piem\u0113ram, Wildcat, p\u0101rst\u0101v \u0161o jauno ce\u013co\u0161anas stilu: mobilas, piel\u0101gojamas un<\/p>\n\n\n\n<p>gatavs sekot, lai kurp ar\u012b zin\u0101tk\u0101re vedin\u0101tu.<\/p>\n\n\n\n<p>Ar t\u0101s iera\u0161anos <a href=\"https:\/\/www.droplife.be\/contact-reservatie-minicaravan\/\">Be\u013c\u0123ija,<\/a> Wildcat treileris dr\u012bz var\u0113tu atrast daudz jaunu ce\u013cu<\/p>\n\n\n\n<p>izp\u0113t\u012bt.<\/p>\n\n\n\n<p><\/p>","protected":false},"excerpt":{"rendered":"<p>Be\u013c\u0123ija k\u013cuvusi nedaudz piedz\u012bvojumiem bag\u0101t\u0101ka. Jauna mini karav\u0101na ar nosaukumu Wildcat ir ofici\u0101li ien\u0101kusi Be\u013c\u0123ijas tirg\u016b, pateicoties sadarb\u012bbai ar \u0101ra aktivit\u0101\u0161u un karav\u0101nu uz\u0146\u0113mumu Droplife. Kompakt\u0101 piekabe pied\u0101v\u0101 jaunu iesp\u0113ju ce\u013cot\u0101jiem, kuri v\u0113las kempera br\u012bv\u012bbu, bet ne tradicion\u0101lo karav\u0101nu izm\u0113ru un sare\u017e\u0123\u012bt\u012bbu. Wildcat p\u0101rst\u0101v\u2026 <a class=\"more-link\" href=\"https:\/\/wildcatcampers.eu\/lv\/a-new-wildcat-enters-the-belgian-camping-scene\/\">Turpin\u0101t las\u012bt <span class=\"screen-reader-text\">Be\u013c\u0123ijas kempinga ain\u0101 ien\u0101k jauns Wildcat<\/span><\/a><\/p>","protected":false},"author":1,"featured_media":25951,"comment_status":"open","ping_status":"open","sticky":false,"template":"","format":"standard","meta":{"footnotes":""},"categories":[18],"tags":[],"class_list":["post-25950","post","type-post","status-publish","format-standard","has-post-thumbnail","hentry","category-blog","layout-1","product-add-to-cart-ajax"],"yoast_head":"<!-- This site is optimized with the Yoast SEO Premium plugin v25.2 (Yoast SEO v27.3) - https:\/\/yoast.com\/product\/yoast-seo-premium-wordpress\/ -->\n<title>A new Wildcat enters the Belgian camping scene - Wildcat Campers<\/title>\n<meta name=\"robots\" content=\"index, follow, max-snippet:-1, max-image-preview:large, max-video-preview:-1\" \/>\n<link rel=\"canonical\" href=\"https:\/\/wildcatcampers.eu\/lv\/a-new-wildcat-enters-the-belgian-camping-scene\/\" \/>\n<meta property=\"og:locale\" content=\"lv_LV\" \/>\n<meta property=\"og:type\" content=\"article\" \/>\n<meta property=\"og:title\" content=\"A new Wildcat enters the Belgian camping scene\" \/>\n<meta property=\"og:description\" content=\"Belgium just got a little more adventurous. A new mini caravan called Wildcat has officially entered the Belgian market through a collaboration with the outdoor and caravan company Droplife. The compact trailer brings a fresh option for travelers who want the freedom of a camper without the size and complexity of traditional caravans. Wildcat represents&hellip; Continue reading A new Wildcat enters the Belgian camping scene\" \/>\n<meta property=\"og:url\" content=\"https:\/\/wildcatcampers.eu\/lv\/a-new-wildcat-enters-the-belgian-camping-scene\/\" \/>\n<meta property=\"og:site_name\" content=\"Wildcat Campers\" \/>\n<meta property=\"article:published_time\" content=\"2026-03-16T11:32:07+00:00\" \/>\n<meta property=\"article:modified_time\" content=\"2026-04-05T10:56:29+00:00\" \/>\n<meta property=\"og:image\" content=\"https:\/\/wildcatcampers.eu\/wp-content\/uploads\/2026\/03\/1d301fa0-a1be-4a78-b1a3-9080186b15e7.jpg\" \/>\n\t<meta property=\"og:image:width\" content=\"1600\" \/>\n\t<meta property=\"og:image:height\" content=\"1200\" \/>\n\t<meta property=\"og:image:type\" content=\"image\/jpeg\" \/>\n<meta name=\"author\" content=\"Wildcat Team\" \/>\n<meta name=\"twitter:card\" content=\"summary_large_image\" \/>\n<meta name=\"twitter:label1\" content=\"Written by\" \/>\n\t<meta name=\"twitter:data1\" content=\"Wildcat Team\" \/>\n\t<meta name=\"twitter:label2\" content=\"Est. reading time\" \/>\n\t<meta name=\"twitter:data2\" content=\"3 min\u016btes\" \/>\n<script type=\"application\/ld+json\" class=\"yoast-schema-graph\">{\"@context\":\"https:\\\/\\\/schema.org\",\"@graph\":[{\"@type\":\"Article\",\"@id\":\"https:\\\/\\\/wildcatcampers.eu\\\/a-new-wildcat-enters-the-belgian-camping-scene\\\/#article\",\"isPartOf\":{\"@id\":\"https:\\\/\\\/wildcatcampers.eu\\\/a-new-wildcat-enters-the-belgian-camping-scene\\\/\"},\"author\":{\"name\":\"Wildcat Team\",\"@id\":\"https:\\\/\\\/wildcatcampers.eu\\\/#\\\/schema\\\/person\\\/8ca82cc5a5ba2ca05101d5c97a8a07d2\"},\"headline\":\"A new Wildcat enters the Belgian camping scene\",\"datePublished\":\"2026-03-16T11:32:07+00:00\",\"dateModified\":\"2026-04-05T10:56:29+00:00\",\"mainEntityOfPage\":{\"@id\":\"https:\\\/\\\/wildcatcampers.eu\\\/a-new-wildcat-enters-the-belgian-camping-scene\\\/\"},\"wordCount\":544,\"commentCount\":0,\"publisher\":{\"@id\":\"https:\\\/\\\/wildcatcampers.eu\\\/#organization\"},\"image\":{\"@id\":\"https:\\\/\\\/wildcatcampers.eu\\\/a-new-wildcat-enters-the-belgian-camping-scene\\\/#primaryimage\"},\"thumbnailUrl\":\"https:\\\/\\\/wildcatcampers.eu\\\/wp-content\\\/uploads\\\/2026\\\/03\\\/1d301fa0-a1be-4a78-b1a3-9080186b15e7.jpg\",\"articleSection\":[\"Blog\"],\"inLanguage\":\"lv-LV\",\"potentialAction\":[{\"@type\":\"CommentAction\",\"name\":\"Comment\",\"target\":[\"https:\\\/\\\/wildcatcampers.eu\\\/a-new-wildcat-enters-the-belgian-camping-scene\\\/#respond\"]}]},{\"@type\":\"WebPage\",\"@id\":\"https:\\\/\\\/wildcatcampers.eu\\\/a-new-wildcat-enters-the-belgian-camping-scene\\\/\",\"url\":\"https:\\\/\\\/wildcatcampers.eu\\\/a-new-wildcat-enters-the-belgian-camping-scene\\\/\",\"name\":\"A new Wildcat enters the Belgian camping scene - Wildcat Campers\",\"isPartOf\":{\"@id\":\"https:\\\/\\\/wildcatcampers.eu\\\/#website\"},\"primaryImageOfPage\":{\"@id\":\"https:\\\/\\\/wildcatcampers.eu\\\/a-new-wildcat-enters-the-belgian-camping-scene\\\/#primaryimage\"},\"image\":{\"@id\":\"https:\\\/\\\/wildcatcampers.eu\\\/a-new-wildcat-enters-the-belgian-camping-scene\\\/#primaryimage\"},\"thumbnailUrl\":\"https:\\\/\\\/wildcatcampers.eu\\\/wp-content\\\/uploads\\\/2026\\\/03\\\/1d301fa0-a1be-4a78-b1a3-9080186b15e7.jpg\",\"datePublished\":\"2026-03-16T11:32:07+00:00\",\"dateModified\":\"2026-04-05T10:56:29+00:00\",\"breadcrumb\":{\"@id\":\"https:\\\/\\\/wildcatcampers.eu\\\/a-new-wildcat-enters-the-belgian-camping-scene\\\/#breadcrumb\"},\"inLanguage\":\"lv-LV\",\"potentialAction\":[{\"@type\":\"ReadAction\",\"target\":[\"https:\\\/\\\/wildcatcampers.eu\\\/a-new-wildcat-enters-the-belgian-camping-scene\\\/\"]}]},{\"@type\":\"ImageObject\",\"inLanguage\":\"lv-LV\",\"@id\":\"https:\\\/\\\/wildcatcampers.eu\\\/a-new-wildcat-enters-the-belgian-camping-scene\\\/#primaryimage\",\"url\":\"https:\\\/\\\/wildcatcampers.eu\\\/wp-content\\\/uploads\\\/2026\\\/03\\\/1d301fa0-a1be-4a78-b1a3-9080186b15e7.jpg\",\"contentUrl\":\"https:\\\/\\\/wildcatcampers.eu\\\/wp-content\\\/uploads\\\/2026\\\/03\\\/1d301fa0-a1be-4a78-b1a3-9080186b15e7.jpg\",\"width\":1600,\"height\":1200},{\"@type\":\"BreadcrumbList\",\"@id\":\"https:\\\/\\\/wildcatcampers.eu\\\/a-new-wildcat-enters-the-belgian-camping-scene\\\/#breadcrumb\",\"itemListElement\":[{\"@type\":\"ListItem\",\"position\":1,\"name\":\"Home\",\"item\":\"https:\\\/\\\/wildcatcampers.eu\\\/\"},{\"@type\":\"ListItem\",\"position\":2,\"name\":\"A new Wildcat enters the Belgian camping scene\"}]},{\"@type\":\"WebSite\",\"@id\":\"https:\\\/\\\/wildcatcampers.eu\\\/#website\",\"url\":\"https:\\\/\\\/wildcatcampers.eu\\\/\",\"name\":\"Wild Cat Campers\",\"description\":\"When Adventure Meets Comfort\",\"publisher\":{\"@id\":\"https:\\\/\\\/wildcatcampers.eu\\\/#organization\"},\"potentialAction\":[{\"@type\":\"SearchAction\",\"target\":{\"@type\":\"EntryPoint\",\"urlTemplate\":\"https:\\\/\\\/wildcatcampers.eu\\\/?s={search_term_string}\"},\"query-input\":{\"@type\":\"PropertyValueSpecification\",\"valueRequired\":true,\"valueName\":\"search_term_string\"}}],\"inLanguage\":\"lv-LV\"},{\"@type\":\"Organization\",\"@id\":\"https:\\\/\\\/wildcatcampers.eu\\\/#organization\",\"name\":\"Wild Cat Campers\",\"url\":\"https:\\\/\\\/wildcatcampers.eu\\\/\",\"logo\":{\"@type\":\"ImageObject\",\"inLanguage\":\"lv-LV\",\"@id\":\"https:\\\/\\\/wildcatcampers.eu\\\/#\\\/schema\\\/logo\\\/image\\\/\",\"url\":\"https:\\\/\\\/wildcatcampers.eu\\\/wp-content\\\/uploads\\\/2025\\\/04\\\/WildCat_Wheel-1.png\",\"contentUrl\":\"https:\\\/\\\/wildcatcampers.eu\\\/wp-content\\\/uploads\\\/2025\\\/04\\\/WildCat_Wheel-1.png\",\"width\":1520,\"height\":1586,\"caption\":\"Wild Cat Campers\"},\"image\":{\"@id\":\"https:\\\/\\\/wildcatcampers.eu\\\/#\\\/schema\\\/logo\\\/image\\\/\"}},{\"@type\":\"Person\",\"@id\":\"https:\\\/\\\/wildcatcampers.eu\\\/#\\\/schema\\\/person\\\/8ca82cc5a5ba2ca05101d5c97a8a07d2\",\"name\":\"Wildcat Team\",\"image\":{\"@type\":\"ImageObject\",\"inLanguage\":\"lv-LV\",\"@id\":\"https:\\\/\\\/secure.gravatar.com\\\/avatar\\\/acb4a75bd6114960460b896523af23d44d1d49ef99767918d74f44cfd74cc916?s=96&d=mm&r=g\",\"url\":\"https:\\\/\\\/secure.gravatar.com\\\/avatar\\\/acb4a75bd6114960460b896523af23d44d1d49ef99767918d74f44cfd74cc916?s=96&d=mm&r=g\",\"contentUrl\":\"https:\\\/\\\/secure.gravatar.com\\\/avatar\\\/acb4a75bd6114960460b896523af23d44d1d49ef99767918d74f44cfd74cc916?s=96&d=mm&r=g\",\"caption\":\"Wildcat Team\"},\"sameAs\":[\"https:\\\/\\\/wildcatcampers.eu\"],\"url\":\"https:\\\/\\\/wildcatcampers.eu\\\/lv\\\/author\\\/admin\\\/\"}]}<\/script>\n<!-- \/ Yoast SEO Premium plugin. -->","yoast_head_json":{"title":"Be\u013c\u0123ijas kempinga ain\u0101 ien\u0101k jauns Wildcat \u2014 Wildcat Campers","robots":{"index":"index","follow":"follow","max-snippet":"max-snippet:-1","max-image-preview":"max-image-preview:large","max-video-preview":"max-video-preview:-1"},"canonical":"https:\/\/wildcatcampers.eu\/lv\/a-new-wildcat-enters-the-belgian-camping-scene\/","og_locale":"lv_LV","og_type":"article","og_title":"A new Wildcat enters the Belgian camping scene","og_description":"Belgium just got a little more adventurous. A new mini caravan called Wildcat has officially entered the Belgian market through a collaboration with the outdoor and caravan company Droplife. The compact trailer brings a fresh option for travelers who want the freedom of a camper without the size and complexity of traditional caravans. Wildcat represents&hellip; Continue reading A new Wildcat enters the Belgian camping scene","og_url":"https:\/\/wildcatcampers.eu\/lv\/a-new-wildcat-enters-the-belgian-camping-scene\/","og_site_name":"Wildcat Campers","article_published_time":"2026-03-16T11:32:07+00:00","article_modified_time":"2026-04-05T10:56:29+00:00","og_image":[{"width":1600,"height":1200,"url":"https:\/\/wildcatcampers.eu\/wp-content\/uploads\/2026\/03\/1d301fa0-a1be-4a78-b1a3-9080186b15e7.jpg","type":"image\/jpeg"}],"author":"Wildcat Team","twitter_card":"summary_large_image","twitter_misc":{"Written by":"Wildcat Team","Est. reading time":"3 min\u016btes"},"schema":{"@context":"https:\/\/schema.org","@graph":[{"@type":"Article","@id":"https:\/\/wildcatcampers.eu\/a-new-wildcat-enters-the-belgian-camping-scene\/#article","isPartOf":{"@id":"https:\/\/wildcatcampers.eu\/a-new-wildcat-enters-the-belgian-camping-scene\/"},"author":{"name":"Wildcat Team","@id":"https:\/\/wildcatcampers.eu\/#\/schema\/person\/8ca82cc5a5ba2ca05101d5c97a8a07d2"},"headline":"A new Wildcat enters the Belgian camping scene","datePublished":"2026-03-16T11:32:07+00:00","dateModified":"2026-04-05T10:56:29+00:00","mainEntityOfPage":{"@id":"https:\/\/wildcatcampers.eu\/a-new-wildcat-enters-the-belgian-camping-scene\/"},"wordCount":544,"commentCount":0,"publisher":{"@id":"https:\/\/wildcatcampers.eu\/#organization"},"image":{"@id":"https:\/\/wildcatcampers.eu\/a-new-wildcat-enters-the-belgian-camping-scene\/#primaryimage"},"thumbnailUrl":"https:\/\/wildcatcampers.eu\/wp-content\/uploads\/2026\/03\/1d301fa0-a1be-4a78-b1a3-9080186b15e7.jpg","articleSection":["Blog"],"inLanguage":"lv-LV","potentialAction":[{"@type":"CommentAction","name":"Comment","target":["https:\/\/wildcatcampers.eu\/a-new-wildcat-enters-the-belgian-camping-scene\/#respond"]}]},{"@type":"WebPage","@id":"https:\/\/wildcatcampers.eu\/a-new-wildcat-enters-the-belgian-camping-scene\/","url":"https:\/\/wildcatcampers.eu\/a-new-wildcat-enters-the-belgian-camping-scene\/","name":"Be\u013c\u0123ijas kempinga ain\u0101 ien\u0101k jauns Wildcat \u2014 Wildcat Campers","isPartOf":{"@id":"https:\/\/wildcatcampers.eu\/#website"},"primaryImageOfPage":{"@id":"https:\/\/wildcatcampers.eu\/a-new-wildcat-enters-the-belgian-camping-scene\/#primaryimage"},"image":{"@id":"https:\/\/wildcatcampers.eu\/a-new-wildcat-enters-the-belgian-camping-scene\/#primaryimage"},"thumbnailUrl":"https:\/\/wildcatcampers.eu\/wp-content\/uploads\/2026\/03\/1d301fa0-a1be-4a78-b1a3-9080186b15e7.jpg","datePublished":"2026-03-16T11:32:07+00:00","dateModified":"2026-04-05T10:56:29+00:00","breadcrumb":{"@id":"https:\/\/wildcatcampers.eu\/a-new-wildcat-enters-the-belgian-camping-scene\/#breadcrumb"},"inLanguage":"lv-LV","potentialAction":[{"@type":"ReadAction","target":["https:\/\/wildcatcampers.eu\/a-new-wildcat-enters-the-belgian-camping-scene\/"]}]},{"@type":"ImageObject","inLanguage":"lv-LV","@id":"https:\/\/wildcatcampers.eu\/a-new-wildcat-enters-the-belgian-camping-scene\/#primaryimage","url":"https:\/\/wildcatcampers.eu\/wp-content\/uploads\/2026\/03\/1d301fa0-a1be-4a78-b1a3-9080186b15e7.jpg","contentUrl":"https:\/\/wildcatcampers.eu\/wp-content\/uploads\/2026\/03\/1d301fa0-a1be-4a78-b1a3-9080186b15e7.jpg","width":1600,"height":1200},{"@type":"BreadcrumbList","@id":"https:\/\/wildcatcampers.eu\/a-new-wildcat-enters-the-belgian-camping-scene\/#breadcrumb","itemListElement":[{"@type":"ListItem","position":1,"name":"Home","item":"https:\/\/wildcatcampers.eu\/"},{"@type":"ListItem","position":2,"name":"A new Wildcat enters the Belgian camping scene"}]},{"@type":"WebSite","@id":"https:\/\/wildcatcampers.eu\/#website","url":"https:\/\/wildcatcampers.eu\/","name":"Savva\u013cas ka\u0137u kempingi","description":"Kad piedz\u012bvojums satiekas ar komfortu","publisher":{"@id":"https:\/\/wildcatcampers.eu\/#organization"},"potentialAction":[{"@type":"SearchAction","target":{"@type":"EntryPoint","urlTemplate":"https:\/\/wildcatcampers.eu\/?s={search_term_string}"},"query-input":{"@type":"PropertyValueSpecification","valueRequired":true,"valueName":"search_term_string"}}],"inLanguage":"lv-LV"},{"@type":"Organization","@id":"https:\/\/wildcatcampers.eu\/#organization","name":"Savva\u013cas ka\u0137u kempingi","url":"https:\/\/wildcatcampers.eu\/","logo":{"@type":"ImageObject","inLanguage":"lv-LV","@id":"https:\/\/wildcatcampers.eu\/#\/schema\/logo\/image\/","url":"https:\/\/wildcatcampers.eu\/wp-content\/uploads\/2025\/04\/WildCat_Wheel-1.png","contentUrl":"https:\/\/wildcatcampers.eu\/wp-content\/uploads\/2025\/04\/WildCat_Wheel-1.png","width":1520,"height":1586,"caption":"Wild Cat Campers"},"image":{"@id":"https:\/\/wildcatcampers.eu\/#\/schema\/logo\/image\/"}},{"@type":"Person","@id":"https:\/\/wildcatcampers.eu\/#\/schema\/person\/8ca82cc5a5ba2ca05101d5c97a8a07d2","name":"Wildcat komanda","image":{"@type":"ImageObject","inLanguage":"lv-LV","@id":"https:\/\/secure.gravatar.com\/avatar\/acb4a75bd6114960460b896523af23d44d1d49ef99767918d74f44cfd74cc916?s=96&d=mm&r=g","url":"https:\/\/secure.gravatar.com\/avatar\/acb4a75bd6114960460b896523af23d44d1d49ef99767918d74f44cfd74cc916?s=96&d=mm&r=g","contentUrl":"https:\/\/secure.gravatar.com\/avatar\/acb4a75bd6114960460b896523af23d44d1d49ef99767918d74f44cfd74cc916?s=96&d=mm&r=g","caption":"Wildcat Team"},"sameAs":["https:\/\/wildcatcampers.eu"],"url":"https:\/\/wildcatcampers.eu\/lv\/author\/admin\/"}]}},"_links":{"self":[{"href":"https:\/\/wildcatcampers.eu\/lv\/wp-json\/wp\/v2\/posts\/25950","targetHints":{"allow":["GET"]}}],"collection":[{"href":"https:\/\/wildcatcampers.eu\/lv\/wp-json\/wp\/v2\/posts"}],"about":[{"href":"https:\/\/wildcatcampers.eu\/lv\/wp-json\/wp\/v2\/types\/post"}],"author":[{"embeddable":true,"href":"https:\/\/wildcatcampers.eu\/lv\/wp-json\/wp\/v2\/users\/1"}],"replies":[{"embeddable":true,"href":"https:\/\/wildcatcampers.eu\/lv\/wp-json\/wp\/v2\/comments?post=25950"}],"version-history":[{"count":1,"href":"https:\/\/wildcatcampers.eu\/lv\/wp-json\/wp\/v2\/posts\/25950\/revisions"}],"predecessor-version":[{"id":25953,"href":"https:\/\/wildcatcampers.eu\/lv\/wp-json\/wp\/v2\/posts\/25950\/revisions\/25953"}],"wp:featuredmedia":[{"embeddable":true,"href":"https:\/\/wildcatcampers.eu\/lv\/wp-json\/wp\/v2\/media\/25951"}],"wp:attachment":[{"href":"https:\/\/wildcatcampers.eu\/lv\/wp-json\/wp\/v2\/media?parent=25950"}],"wp:term":[{"taxonomy":"category","embeddable":true,"href":"https:\/\/wildcatcampers.eu\/lv\/wp-json\/wp\/v2\/categories?post=25950"},{"taxonomy":"post_tag","embeddable":true,"href":"https:\/\/wildcatcampers.eu\/lv\/wp-json\/wp\/v2\/tags?post=25950"}],"curies":[{"name":"wp","href":"https:\/\/api.w.org\/{rel}","templated":true}]}}